{"id":2321,"date":"2022-09-20T17:12:58","date_gmt":"2022-09-20T15:12:58","guid":{"rendered":"https:\/\/fuglister-org.ivimedia.website\/unkategorisiert\/niederwald-i-vs-i-1998\/"},"modified":"2023-02-28T12:46:46","modified_gmt":"2023-02-28T11:46:46","slug":"niederwald-i-vs-i-1998","status":"publish","type":"post","link":"https:\/\/fuglister-org.ch\/de\/restaurations-de\/niederwald-i-vs-i-1998\/","title":{"rendered":"Niederwald I VS I 1998"},"content":{"rendered":"<div class=\"wpb-content-wrapper\"><p>[vc_row][vc_column width=&#8220;1\/2&#8243;][vc_single_image image=&#8220;1902&#8243; img_size=&#8220;large&#8220; onclick=&#8220;link_image&#8220; css_animation=&#8220;top-to-bottom&#8220;][\/vc_column][vc_column width=&#8220;1\/2&#8243;][vc_tta_accordion style=&#8220;modern&#8220; shape=&#8220;square&#8220; c_icon=&#8220;chevron&#8220; c_position=&#8220;right&#8220; active_section=&#8220;1&#8243; title=&#8220;Felix Carlen 1776 | Restauriert in 1998 | 9 I\/P&#8220;][vc_tta_section title=&#8220;Manual I C &#8211; c&#8220; kurze octav&#8220; tab_id=&#8220;1486139067856-95ffbcdf-cbe87272-b881&#8243;][vc_column_text]<\/p>\n<ol>\n<li>Principal 8&#8242;<\/li>\n<li>Suavial 8&#8242;<\/li>\n<li>Copel 8&#8242;<\/li>\n<li>Octav 4&#8242;<\/li>\n<li>Fl\u00f6te 4&#8242;<\/li>\n<li>Superoctav 2&#8242;<\/li>\n<li>Quinte 1 1\/3&#8242;<\/li>\n<li>Mixtur II 1&#8242;<\/li>\n<\/ol>\n<p>[\/vc_column_text][\/vc_tta_section][vc_tta_section title=&#8220;Pedal C &#8211; c\u00b0 kurze oktave in tirasse&#8220; tab_id=&#8220;1486139068277-ef31de81-2b9a7272-b881&#8243;][vc_column_text]<\/p>\n<ol>\n<li>Subbass 16&#8242;<\/li>\n<\/ol>\n<p>[\/vc_column_text][\/vc_tta_section][\/vc_tta_accordion][vc_column_text]* Pedalkoppel Man &#8211; Ped abstellbar[\/vc_column_text][\/vc_column][\/vc_row][vc_row][vc_column][vc_toggle title=&#8220;Lesen Sie die Beschreibung der Orgel&#8220; color=&#8220;vista_blue&#8220; size=&#8220;lg&#8220; el_id=&#8220;1486139127232-b80e2420-70be&#8220;]<em><span dir=\"ltr\" role=\"presentation\">Die von Felix Carlen 1776 erbaute Orgel wurde im Laufe der Zeit mehrfach umgebaut, unter <\/span><\/em><em><span dir=\"ltr\" role=\"presentation\">anderem wurde sie pneumatisiert.<\/span><\/em><\/p>\n<p><span dir=\"ltr\" role=\"presentation\">Die Restaurierungs<\/span><span dir=\"ltr\" role=\"presentation\">&#8211;<\/span> <span dir=\"ltr\" role=\"presentation\">und Rekonstruktionsarbeiten wurden der Firma F\u00fcglister in Grimisuat <\/span><span dir=\"ltr\" role=\"presentation\">anvertraut und in Absprache mit der Eidgen\u00f6ss<\/span><span dir=\"ltr\" role=\"presentation\">ischen Kommission f\u00fcr Denkmalpflege <\/span><span dir=\"ltr\" role=\"presentation\">durchgef\u00fchrt: Rekonstruktion der Windladen, der Traktur, der Manualklaviaturen und des <\/span><span dir=\"ltr\" role=\"presentation\">Pedalwerks, des Gebl\u00e4ses und Wiederherstellung des Geh\u00e4uses in seiner urspr\u00fcnglichen <\/span><span dir=\"ltr\" role=\"presentation\">Gr\u00f6sse.<\/span> <span dir=\"ltr\" role=\"presentation\">Das historische Pfeifenwerk wurde erhalt<\/span><span dir=\"ltr\" role=\"presentation\">en und restauriert.<\/span>[\/vc_toggle][\/vc_column][\/vc_row]<\/p>\n<\/div>","protected":false},"excerpt":{"rendered":"<p>[vc_row][vc_column width=&#8220;1\/2&#8243;][vc_single_image image=&#8220;1902&#8243; img_size=&#8220;large&#8220; onclick=&#8220;link_image&#8220; css_animation=&#8220;top-to-bottom&#8220;][\/vc_column][vc_column width=&#8220;1\/2&#8243;][vc_tta_accordion style=&#8220;modern&#8220; shape=&#8220;square&#8220; c_icon=&#8220;chevron&#8220; c_position=&#8220;right&#8220; active_section=&#8220;1&#8243; title=&#8220;Felix Carlen 1776 | Restauriert in&#8230;<\/p>\n","protected":false},"author":2,"featured_media":1902,"comment_status":"closed","ping_status":"closed","sticky":false,"template":"","format":"standard","meta":{"inline_featured_image":false,"footnotes":""},"categories":[91,14],"tags":[],"yoast_head":"<!-- This site is optimized with the Yoast SEO plugin v21.9 - https:\/\/yoast.com\/wordpress\/plugins\/seo\/ -->\n<title>Niederwald I VS I 1998 - Orgelbau F\u00fcglister<\/title>\n<meta name=\"description\" content=\"Die Orgel, die urspr\u00fcnglich 1776 von Felix Carlen gebaut wurde, hat im Laufe der Zeit mehrere Umbauten erfahren, insbesondere die Pneumatisierung der Traktur. Die Orgelbaufirma F\u00fcglister restaurierte in 1998 die historischen Pfeifen unter Ber\u00fccksichtigung der urspr\u00fcnglichen Registerzusammensetzung und rekonstruierte die anderen technischen Teile des Instruments. Die Restaurierung des Geh\u00e4uses sowie der Skulpturen wurde von Walter Furrer durchgef\u00fchrt, um das in seinen historischen Zustand zur\u00fcckzuversetzen.\" \/>\n<meta name=\"robots\" content=\"index, follow, max-snippet:-1, max-image-preview:large, max-video-preview:-1\" \/>\n<link rel=\"canonical\" href=\"https:\/\/fuglister-org.ch\/de\/valais\/niederwald-i-vs-i-1998\/\" \/>\n<meta property=\"og:locale\" content=\"de_DE\" \/>\n<meta property=\"og:type\" content=\"article\" \/>\n<meta property=\"og:title\" content=\"Niederwald I VS I 1998 - Orgelbau F\u00fcglister\" \/>\n<meta property=\"og:description\" content=\"Die Orgel, die urspr\u00fcnglich 1776 von Felix Carlen gebaut wurde, hat im Laufe der Zeit mehrere Umbauten erfahren, insbesondere die Pneumatisierung der Traktur. Die Orgelbaufirma F\u00fcglister restaurierte in 1998 die historischen Pfeifen unter Ber\u00fccksichtigung der urspr\u00fcnglichen Registerzusammensetzung und rekonstruierte die anderen technischen Teile des Instruments. Die Restaurierung des Geh\u00e4uses sowie der Skulpturen wurde von Walter Furrer durchgef\u00fchrt, um das in seinen historischen Zustand zur\u00fcckzuversetzen.\" \/>\n<meta property=\"og:url\" content=\"https:\/\/fuglister-org.ch\/valais\/niederwald-i-vs-i-1998\/\" \/>\n<meta property=\"og:site_name\" content=\"Orgelbau F\u00fcglister\" \/>\n<meta property=\"article:published_time\" content=\"2022-09-20T15:12:58+00:00\" \/>\n<meta property=\"article:modified_time\" content=\"2023-02-28T11:46:46+00:00\" \/>\n<meta property=\"og:image\" content=\"https:\/\/fuglister-org.ch\/wp-content\/uploads\/2022\/03\/Niederwald-5.jpg\" \/>\n\t<meta property=\"og:image:width\" content=\"960\" \/>\n\t<meta property=\"og:image:height\" content=\"1280\" \/>\n\t<meta property=\"og:image:type\" content=\"image\/jpeg\" \/>\n<meta name=\"author\" content=\"info@fuglister-org.ch\" \/>\n<meta name=\"twitter:card\" content=\"summary_large_image\" \/>\n<meta name=\"twitter:label1\" content=\"Verfasst von\" \/>\n\t<meta name=\"twitter:data1\" content=\"info@fuglister-org.ch\" \/>\n\t<meta name=\"twitter:label2\" content=\"Gesch\u00e4tzte Lesezeit\" \/>\n\t<meta name=\"twitter:data2\" content=\"1 Minute\" \/>\n<script type=\"application\/ld+json\" class=\"yoast-schema-graph\">{\"@context\":\"https:\/\/schema.org\",\"@graph\":[{\"@type\":\"WebPage\",\"@id\":\"https:\/\/fuglister-org.ch\/valais\/niederwald-i-vs-i-1998\/\",\"url\":\"https:\/\/fuglister-org.ch\/valais\/niederwald-i-vs-i-1998\/\",\"name\":\"Niederwald I VS I 1998 - Orgelbau F\u00fcglister\",\"isPartOf\":{\"@id\":\"https:\/\/fuglister-org.ch\/#website\"},\"datePublished\":\"2022-09-20T15:12:58+00:00\",\"dateModified\":\"2023-02-28T11:46:46+00:00\",\"author\":{\"@id\":\"https:\/\/fuglister-org.ch\/#\/schema\/person\/16ad57a3511f875e184289742bb38271\"},\"description\":\"Die Orgel, die urspr\u00fcnglich 1776 von Felix Carlen gebaut wurde, hat im Laufe der Zeit mehrere Umbauten erfahren, insbesondere die Pneumatisierung der Traktur. Die Orgelbaufirma F\u00fcglister restaurierte in 1998 die historischen Pfeifen unter Ber\u00fccksichtigung der urspr\u00fcnglichen Registerzusammensetzung und rekonstruierte die anderen technischen Teile des Instruments. Die Restaurierung des Geh\u00e4uses sowie der Skulpturen wurde von Walter Furrer durchgef\u00fchrt, um das in seinen historischen Zustand zur\u00fcckzuversetzen.\",\"breadcrumb\":{\"@id\":\"https:\/\/fuglister-org.ch\/valais\/niederwald-i-vs-i-1998\/#breadcrumb\"},\"inLanguage\":\"de-DE\",\"potentialAction\":[{\"@type\":\"ReadAction\",\"target\":[\"https:\/\/fuglister-org.ch\/valais\/niederwald-i-vs-i-1998\/\"]}]},{\"@type\":\"BreadcrumbList\",\"@id\":\"https:\/\/fuglister-org.ch\/valais\/niederwald-i-vs-i-1998\/#breadcrumb\",\"itemListElement\":[{\"@type\":\"ListItem\",\"position\":1,\"name\":\"Accueil\",\"item\":\"https:\/\/fuglister-org.ch\/de\/\"},{\"@type\":\"ListItem\",\"position\":2,\"name\":\"Niederwald I VS I 1998\"}]},{\"@type\":\"WebSite\",\"@id\":\"https:\/\/fuglister-org.ch\/#website\",\"url\":\"https:\/\/fuglister-org.ch\/\",\"name\":\"Orgelbau F\u00fcglister\",\"description\":\"\",\"potentialAction\":[{\"@type\":\"SearchAction\",\"target\":{\"@type\":\"EntryPoint\",\"urlTemplate\":\"https:\/\/fuglister-org.ch\/?s={search_term_string}\"},\"query-input\":\"required name=search_term_string\"}],\"inLanguage\":\"de-DE\"},{\"@type\":\"Person\",\"@id\":\"https:\/\/fuglister-org.ch\/#\/schema\/person\/16ad57a3511f875e184289742bb38271\",\"name\":\"info@fuglister-org.ch\",\"image\":{\"@type\":\"ImageObject\",\"inLanguage\":\"de-DE\",\"@id\":\"https:\/\/fuglister-org.ch\/#\/schema\/person\/image\/\",\"url\":\"https:\/\/secure.gravatar.com\/avatar\/d71cecd4eb67ccb4956b58d86484996e?s=96&d=mm&r=g\",\"contentUrl\":\"https:\/\/secure.gravatar.com\/avatar\/d71cecd4eb67ccb4956b58d86484996e?s=96&d=mm&r=g\",\"caption\":\"info@fuglister-org.ch\"},\"url\":\"https:\/\/fuglister-org.ch\/de\/author\/infofuglister-org-ch\/\"}]}<\/script>\n<!-- \/ Yoast SEO plugin. -->","yoast_head_json":{"title":"Niederwald I VS I 1998 - Orgelbau F\u00fcglister","description":"Die Orgel, die urspr\u00fcnglich 1776 von Felix Carlen gebaut wurde, hat im Laufe der Zeit mehrere Umbauten erfahren, insbesondere die Pneumatisierung der Traktur. Die Orgelbaufirma F\u00fcglister restaurierte in 1998 die historischen Pfeifen unter Ber\u00fccksichtigung der urspr\u00fcnglichen Registerzusammensetzung und rekonstruierte die anderen technischen Teile des Instruments. Die Restaurierung des Geh\u00e4uses sowie der Skulpturen wurde von Walter Furrer durchgef\u00fchrt, um das in seinen historischen Zustand zur\u00fcckzuversetzen.","robots":{"index":"index","follow":"follow","max-snippet":"max-snippet:-1","max-image-preview":"max-image-preview:large","max-video-preview":"max-video-preview:-1"},"canonical":"https:\/\/fuglister-org.ch\/de\/valais\/niederwald-i-vs-i-1998\/","og_locale":"de_DE","og_type":"article","og_title":"Niederwald I VS I 1998 - Orgelbau F\u00fcglister","og_description":"Die Orgel, die urspr\u00fcnglich 1776 von Felix Carlen gebaut wurde, hat im Laufe der Zeit mehrere Umbauten erfahren, insbesondere die Pneumatisierung der Traktur. Die Orgelbaufirma F\u00fcglister restaurierte in 1998 die historischen Pfeifen unter Ber\u00fccksichtigung der urspr\u00fcnglichen Registerzusammensetzung und rekonstruierte die anderen technischen Teile des Instruments. Die Restaurierung des Geh\u00e4uses sowie der Skulpturen wurde von Walter Furrer durchgef\u00fchrt, um das in seinen historischen Zustand zur\u00fcckzuversetzen.","og_url":"https:\/\/fuglister-org.ch\/valais\/niederwald-i-vs-i-1998\/","og_site_name":"Orgelbau F\u00fcglister","article_published_time":"2022-09-20T15:12:58+00:00","article_modified_time":"2023-02-28T11:46:46+00:00","og_image":[{"width":960,"height":1280,"url":"https:\/\/fuglister-org.ch\/wp-content\/uploads\/2022\/03\/Niederwald-5.jpg","type":"image\/jpeg"}],"author":"info@fuglister-org.ch","twitter_card":"summary_large_image","twitter_misc":{"Verfasst von":"info@fuglister-org.ch","Gesch\u00e4tzte Lesezeit":"1 Minute"},"schema":{"@context":"https:\/\/schema.org","@graph":[{"@type":"WebPage","@id":"https:\/\/fuglister-org.ch\/valais\/niederwald-i-vs-i-1998\/","url":"https:\/\/fuglister-org.ch\/valais\/niederwald-i-vs-i-1998\/","name":"Niederwald I VS I 1998 - Orgelbau F\u00fcglister","isPartOf":{"@id":"https:\/\/fuglister-org.ch\/#website"},"datePublished":"2022-09-20T15:12:58+00:00","dateModified":"2023-02-28T11:46:46+00:00","author":{"@id":"https:\/\/fuglister-org.ch\/#\/schema\/person\/16ad57a3511f875e184289742bb38271"},"description":"Die Orgel, die urspr\u00fcnglich 1776 von Felix Carlen gebaut wurde, hat im Laufe der Zeit mehrere Umbauten erfahren, insbesondere die Pneumatisierung der Traktur. Die Orgelbaufirma F\u00fcglister restaurierte in 1998 die historischen Pfeifen unter Ber\u00fccksichtigung der urspr\u00fcnglichen Registerzusammensetzung und rekonstruierte die anderen technischen Teile des Instruments. Die Restaurierung des Geh\u00e4uses sowie der Skulpturen wurde von Walter Furrer durchgef\u00fchrt, um das in seinen historischen Zustand zur\u00fcckzuversetzen.","breadcrumb":{"@id":"https:\/\/fuglister-org.ch\/valais\/niederwald-i-vs-i-1998\/#breadcrumb"},"inLanguage":"de-DE","potentialAction":[{"@type":"ReadAction","target":["https:\/\/fuglister-org.ch\/valais\/niederwald-i-vs-i-1998\/"]}]},{"@type":"BreadcrumbList","@id":"https:\/\/fuglister-org.ch\/valais\/niederwald-i-vs-i-1998\/#breadcrumb","itemListElement":[{"@type":"ListItem","position":1,"name":"Accueil","item":"https:\/\/fuglister-org.ch\/de\/"},{"@type":"ListItem","position":2,"name":"Niederwald I VS I 1998"}]},{"@type":"WebSite","@id":"https:\/\/fuglister-org.ch\/#website","url":"https:\/\/fuglister-org.ch\/","name":"Orgelbau F\u00fcglister","description":"","potentialAction":[{"@type":"SearchAction","target":{"@type":"EntryPoint","urlTemplate":"https:\/\/fuglister-org.ch\/?s={search_term_string}"},"query-input":"required name=search_term_string"}],"inLanguage":"de-DE"},{"@type":"Person","@id":"https:\/\/fuglister-org.ch\/#\/schema\/person\/16ad57a3511f875e184289742bb38271","name":"info@fuglister-org.ch","image":{"@type":"ImageObject","inLanguage":"de-DE","@id":"https:\/\/fuglister-org.ch\/#\/schema\/person\/image\/","url":"https:\/\/secure.gravatar.com\/avatar\/d71cecd4eb67ccb4956b58d86484996e?s=96&d=mm&r=g","contentUrl":"https:\/\/secure.gravatar.com\/avatar\/d71cecd4eb67ccb4956b58d86484996e?s=96&d=mm&r=g","caption":"info@fuglister-org.ch"},"url":"https:\/\/fuglister-org.ch\/de\/author\/infofuglister-org-ch\/"}]}},"_links":{"self":[{"href":"https:\/\/fuglister-org.ch\/de\/wp-json\/wp\/v2\/posts\/2321"}],"collection":[{"href":"https:\/\/fuglister-org.ch\/de\/wp-json\/wp\/v2\/posts"}],"about":[{"href":"https:\/\/fuglister-org.ch\/de\/wp-json\/wp\/v2\/types\/post"}],"author":[{"embeddable":true,"href":"https:\/\/fuglister-org.ch\/de\/wp-json\/wp\/v2\/users\/2"}],"replies":[{"embeddable":true,"href":"https:\/\/fuglister-org.ch\/de\/wp-json\/wp\/v2\/comments?post=2321"}],"version-history":[{"count":5,"href":"https:\/\/fuglister-org.ch\/de\/wp-json\/wp\/v2\/posts\/2321\/revisions"}],"predecessor-version":[{"id":2533,"href":"https:\/\/fuglister-org.ch\/de\/wp-json\/wp\/v2\/posts\/2321\/revisions\/2533"}],"wp:featuredmedia":[{"embeddable":true,"href":"https:\/\/fuglister-org.ch\/de\/wp-json\/wp\/v2\/media\/1902"}],"wp:attachment":[{"href":"https:\/\/fuglister-org.ch\/de\/wp-json\/wp\/v2\/media?parent=2321"}],"wp:term":[{"taxonomy":"category","embeddable":true,"href":"https:\/\/fuglister-org.ch\/de\/wp-json\/wp\/v2\/categories?post=2321"},{"taxonomy":"post_tag","embeddable":true,"href":"https:\/\/fuglister-org.ch\/de\/wp-json\/wp\/v2\/tags?post=2321"}],"curies":[{"name":"wp","href":"https:\/\/api.w.org\/{rel}","templated":true}]}}